[{"@context":"https:\/\/schema.org\/","@type":"Article","@id":"https:\/\/www.cerpad.cz\/kam-na-letni-festivaly\/#Article","mainEntityOfPage":"https:\/\/www.cerpad.cz\/kam-na-letni-festivaly\/","headline":"Kam na letn\u00ed festivaly","name":"Kam na letn\u00ed festivaly","description":"U\u017e v\u00e1s nebav\u00ed dlouh\u00e9 fronty na pivo, p\u0159ecpan\u00e1 stanov\u00e1 m\u011bste\u010dka a p\u0159edra\u017een\u00e9 j\u00eddlo a pit\u00ed? Nebo chcete vyrazit t\u0159eba s d\u011btmi a nechcete je v jednom kuse hl\u00eddat, jen aby se v davu neztratily? Zvolte n\u011bkter\u00fd z men\u0161\u00edch festiv\u00e1lk\u016f. Pokud jste p\u0159ipraveni poslechnout si i n\u011bco nov\u00e9ho a nejde v\u00e1m jen o na\u0161e popul\u00e1rn\u00ed hv\u011bzdi\u010dky, ... <a title=\"Kam na letn\u00ed festivaly\" class=\"read-more\" href=\"https:\/\/www.cerpad.cz\/kam-na-letni-festivaly\/\">Read more<span class=\"screen-reader-text\">Kam na letn\u00ed festivaly<\/span><\/a>","datePublished":"2025-02-28","dateModified":"2023-05-03","author":{"@type":"Person","@id":"https:\/\/www.cerpad.cz\/author\/#Person","name":"","url":"https:\/\/www.cerpad.cz\/author\/","identifier":1,"image":{"@type":"ImageObject","@id":"https:\/\/secure.gravatar.com\/avatar\/0c4621640b5c0734669aeb181ef77969b528487727344f28e734a206566ea0f1?s=96&d=mm&r=g","url":"https:\/\/secure.gravatar.com\/avatar\/0c4621640b5c0734669aeb181ef77969b528487727344f28e734a206566ea0f1?s=96&d=mm&r=g","height":96,"width":96}},"publisher":{"@type":"Organization","name":"cerpad.cz","logo":{"@type":"ImageObject","@id":"\/logo.png","url":"\/logo.png","width":600,"height":60}},"image":{"@type":"ImageObject","@id":"https:\/\/www.cerpad.cz\/wp-content\/uploads\/img_a306028_w1899_t1517328811.jpg","url":"https:\/\/www.cerpad.cz\/wp-content\/uploads\/img_a306028_w1899_t1517328811.jpg","height":0,"width":0},"url":"https:\/\/www.cerpad.cz\/kam-na-letni-festivaly\/","wordCount":486,"articleBody":"U\u017e v\u00e1s nebav\u00ed dlouh\u00e9 fronty na pivo, p\u0159ecpan\u00e1 stanov\u00e1 m\u011bste\u010dka a p\u0159edra\u017een\u00e9 j\u00eddlo a pit\u00ed? Nebo chcete vyrazit t\u0159eba s d\u011btmi a nechcete je v jednom kuse hl\u00eddat, jen aby se v davu neztratily? Zvolte n\u011bkter\u00fd z men\u0161\u00edch festiv\u00e1lk\u016f. Pokud jste p\u0159ipraveni poslechnout si i n\u011bco nov\u00e9ho a nejde v\u00e1m jen o na\u0161e popul\u00e1rn\u00ed hv\u011bzdi\u010dky, nab\u00edz\u00edm p\u00e1r tip\u016f.\u00b7\u00a0\u00a0\u00a0\u00a0\u00a0\u00a0\u00a0\u00a0 Ponava fest &#8211; dvoudenn\u00ed festival v srdci Brna, v n\u00e1dhern\u00e9m prost\u0159ed\u00ed parku v Lu\u017e\u00e1nk\u00e1ch. V\u00fdkv\u011bt brn\u011bnsk\u00e9 alternativy, vstupn\u00e9 dobrovoln\u00e9.\u00a0 T\u0159et\u00ed v\u00edkend v\u00a0kv\u011btnu.\u00b7\u00a0\u00a0\u00a0\u00a0\u00a0\u00a0\u00a0\u00a0 Kr\u00e1kor &#8211; op\u011bt Brno, ale tentokr\u00e1t okrajov\u00e1 \u010d\u00e1st Ostopovice. Chata\u0159sk\u00fd r\u00e1j a lesy i louky. Stanov\u00e1n\u00ed na n\u011bkolika en\u0161\u00edch luk\u00e1ch, v centru d\u011bn\u00ed i \u00fapln\u011b v klidu. Dva dny doslova nabit\u00e9 plej\u00e1dou mal\u00fdch \u010desk\u00fdch a slovensk\u00fdch kapel r\u016fzn\u00e9ho zam\u011b\u0159en\u00ed. Sm\u011b\u0161n\u011b n\u00edzk\u00e9 ceny vstupn\u00e9ho, j\u00eddla a piva. A v\u0161e chutn\u00e9 a kvalitn\u00ed. 15 \u2013 16. 6. 2018\u00b7\u00a0\u00a0\u00a0\u00a0\u00a0\u00a0\u00a0\u00a0 Mi\u0161 Ma\u0161 &#8211; pro n\u00e1ro\u010dn\u011bj\u0161\u00ed poslucha\u010de ka\u017edop\u00e1dn\u011b dibr\u00e1 volba. N\u00e1\u0159ez ve stodole, alternativa ve stanu. Dokonce tu hr\u00e1v\u00e1 i cimb\u00e1l. Odehr\u00e1v\u00e1 se na okraji Bojkovic. Festival je vegetari\u00e1nsk\u00fd, ale do hospody Vag\u00f3n je to hezk\u00e1 proch\u00e1zka, nab\u00eddka pestr\u00e1, ceny m\u00edrn\u00e9. 22 &#8211; 23.6. 2018\u00b7\u00a0\u00a0\u00a0\u00a0\u00a0\u00a0\u00a0\u00a0 Za\u010d\u00e1tek l\u00e9ta u Skal\u00e1ka &#8211; p\u016fvodn\u011b Magorovo Vyd\u0159\u00ed, nyn\u00ed v\u00edt\u00e1n\u00ed l\u00e9ta v kr\u00e1sn\u00e9m \u00fadol\u00ed pobl\u00ed\u017e Mezi\u0159\u00ed\u010dka u Jihlavy. V neskute\u010dn\u011b citliv\u011b zrekonstruovan\u00e9m are\u00e1lu prob\u00edhaj\u00ed v\u00fdstavy, divadla, a v\u0161ude p\u0159\u00edtomn\u00fd underground. Bez vstupn\u0117ho. Kapely jsou zde velice r\u016fznorod\u00e9, z luh\u016f moravsk\u00fdch, \u010desk\u00fdch i zahrani\u010d\u00ed. T\u00e1bo\u0159\u00ed se na louce u potoka. Kdy\u017e rostou houby, je tu les pln\u00fd h\u0159\u00edbk\u016f a rybn\u00edky kam jen vykro\u010d\u00ed\u0161. Okolo 5.6, trv\u00e1 pak p\u0159es v\u00edkend.\t\tW\u016fd\u0161tok \u2013 mali\u010dk\u00fd, velice p\u0159\u00e1telsk\u00fd jihomoravsk\u00fd festival,\u00a0 p\u016fvodn\u011b po\u0159\u00e1dan\u00fd v Nenkovic\u00edch, nyn\u00ed potuln\u00fd. Druh\u00fd v\u00edkend \u010dervencov\u00fd.\t\tBeseda u bigb\u00edtu &#8211; Tasov. Tento festiv\u00e1lek n\u00e1m za posledn\u00ed l\u00e9ta trochu narostl. M\u016f\u017eete zde v\u0161ak zhl\u00e9dnout velice zaj\u00edmav\u00e9 kapely, sout\u011b\u017e p\u00edsni\u010dk\u00e1\u0159\u016f, divadla i workshopy. St\u00e1le je\u0161t\u011b pat\u0159\u00ed k t\u011bm men\u0161\u00edm a p\u0159\u00edjemn\u00fdm. Stanov\u00e9 m\u011bste\u010dko je nacpan\u00e9 k prasknut\u00ed, potok nedaleko.A kam na konec l\u00e9ta?\t\tP\u0159ece Konec l\u00e9ta u Skal\u00e1ka. Tentokr\u00e1t v brn\u011bnsk\u00e9 re\u017eii, mnohem klidn\u011bj\u0161\u00ed varianta s kapelami z moravsk\u00fdch luh\u016f a h\u00e1j\u016f.Tak\u017ee, za\u010dn\u011bte sn\u00edt a pl\u00e1novat, t\u0159eba se u toho zah\u0159ejete. Pokud u n\u011bkter\u00e9 akce nen\u00ed term\u00edn a zaujala v\u00e1s, ohl\u00eddejte si ji. Stoj\u00ed to zato.                                                                                                                                                                                                                                                                                                                                                                                        4.6\/5 - (7 votes)        "},{"@context":"https:\/\/schema.org\/","@type":"BreadcrumbList","itemListElement":[{"@type":"ListItem","position":1,"name":"Kam na letn\u00ed festivaly","item":"https:\/\/www.cerpad.cz\/kam-na-letni-festivaly\/#breadcrumbitem"}]}]