[{"@context":"https:\/\/schema.org\/","@type":"Article","@id":"https:\/\/www.cerpad.cz\/oslava-narozenin\/#Article","mainEntityOfPage":"https:\/\/www.cerpad.cz\/oslava-narozenin\/","headline":"Oslava narozenin","name":"Oslava narozenin","description":"Rychle otev\u0159ela kuchy\u0148sk\u00e1 dv\u00ed\u0159ka, aby se ujistila, \u017ee v\u00e1zy do\u0161ly. Dnes se slavila jej\u00ed pades\u00e1tka, a jak to tak u \u017een b\u00fdv\u00e1, dost\u00e1v\u00e1 hlavn\u011b kv\u011btiny. Nedok\u00e1zala ani popsat, jakou radost j\u00ed ud\u011blalo, \u017ee si na ni vzpomn\u011blo tolik lid\u00ed, a kv\u011btina j\u00ed ud\u011bl\u00e1 radost v\u017edycky, jen u\u017e je te\u010f nem\u00e1 kam d\u00e1vat. V\u00e1zi\u010dky na kv\u011btiny ... <a title=\"Oslava narozenin\" class=\"read-more\" href=\"https:\/\/www.cerpad.cz\/oslava-narozenin\/\">Read more<span class=\"screen-reader-text\">Oslava narozenin<\/span><\/a>","datePublished":"2024-12-07","dateModified":"2024-12-07","author":{"@type":"Person","@id":"https:\/\/www.cerpad.cz\/author\/#Person","name":"","url":"https:\/\/www.cerpad.cz\/author\/","identifier":1,"image":{"@type":"ImageObject","@id":"https:\/\/secure.gravatar.com\/avatar\/0c4621640b5c0734669aeb181ef77969b528487727344f28e734a206566ea0f1?s=96&d=mm&r=g","url":"https:\/\/secure.gravatar.com\/avatar\/0c4621640b5c0734669aeb181ef77969b528487727344f28e734a206566ea0f1?s=96&d=mm&r=g","height":96,"width":96}},"publisher":{"@type":"Organization","name":"cerpad.cz","logo":{"@type":"ImageObject","@id":"\/logo.png","url":"\/logo.png","width":600,"height":60}},"url":"https:\/\/www.cerpad.cz\/oslava-narozenin\/","wordCount":195,"articleBody":"Rychle otev\u0159ela kuchy\u0148sk\u00e1 dv\u00ed\u0159ka, aby se ujistila, \u017ee v\u00e1zy do\u0161ly. Dnes se slavila jej\u00ed pades\u00e1tka, a jak to tak u \u017een b\u00fdv\u00e1, dost\u00e1v\u00e1 hlavn\u011b kv\u011btiny. Nedok\u00e1zala ani popsat, jakou radost j\u00ed ud\u011blalo, \u017ee si na ni vzpomn\u011blo tolik lid\u00ed, a kv\u011btina j\u00ed ud\u011bl\u00e1 radost v\u017edycky, jen u\u017e je te\u010f nem\u00e1 kam d\u00e1vat. V\u00e1zi\u010dky na kv\u011btiny Na\u0161t\u011bst\u00ed jej\u00ed star\u0161\u00ed dcera za\u0161la do sklepa pro zava\u0159ova\u010dky, kter\u00e9 se daly jako v\u00e1zy kr\u00e1sn\u011b pou\u017e\u00edt. Lydia se tomu zasm\u00e1la a po\u017e\u00e1dala dceru, aby provizorn\u00ed v\u00e1zy naskl\u00e1dala do ob\u00fdvac\u00edho pokoje na st\u016fl, \u017ee si je potom vezme do zimn\u00ed zahrady. Dcera se chopila v\u0161ech t\u011bch lili\u00ed, r\u016f\u017e\u00ed, gerber, kal a jin\u00fdch n\u00e1dhern\u00fdch kv\u011btin a odnesla je na j\u00eddeln\u00ed st\u016fl, jak si matka p\u0159\u00e1la. Kdy\u017e se vr\u00e1tila na zahradu, matka u\u017e j\u00ed strkala do ruky dal\u0161\u00ed t\u0159i kytice. Za chv\u00edli to nebude ani kam d\u00e1vat, pomyslela si jej\u00ed dcera, nato\u017e do \u010deho.                                                                                                                                                                                                                                                                                                                                                                                        4.7\/5 - (6 votes)        "},{"@context":"https:\/\/schema.org\/","@type":"BreadcrumbList","itemListElement":[{"@type":"ListItem","position":1,"name":"Oslava narozenin","item":"https:\/\/www.cerpad.cz\/oslava-narozenin\/#breadcrumbitem"}]}]