[{"@context":"https:\/\/schema.org\/","@type":"Blog","@id":"https:\/\/www.cerpad.cz#Blog","headline":"Cerpad","description":"\nCht\u011bli byste se n\u011bkde dozv\u011bd\u011bt i n\u011bco z toho, o \u010dem se nep\u00ed\u0161e v\u0161ude? Pak zkuste na\u0161i internetovou str\u00e1nku, kter\u00e1 neum\u00ed jen papou\u0161kovat po ostatn\u00edch.","url":"https:\/\/www.cerpad.cz","hasPart":[{"@type":"Article","@id":"https:\/\/www.cerpad.cz\/skrine-na-miru-jako-pomocnici-pri-baleni-veci-na-sluzebni-cestu\/","headline":"Sk\u0159\u00edn\u011b na m\u00edru jako pomocn\u00edci p\u0159i balen\u00ed v\u011bc\u00ed na slu\u017eebn\u00ed cestu","url":"https:\/\/www.cerpad.cz\/skrine-na-miru-jako-pomocnici-pri-baleni-veci-na-sluzebni-cestu\/","datePublished":"2025-11-05","dateModified":"2025-11-05","mainEntityOfPage":"https:\/\/www.cerpad.cz\/skrine-na-miru-jako-pomocnici-pri-baleni-veci-na-sluzebni-cestu\/","author":{"@type":"Person","@id":"https:\/\/www.cerpad.cz\/author\/#Person","name":"","url":"https:\/\/www.cerpad.cz\/author\/","identifier":1,"image":{"@type":"ImageObject","@id":"https:\/\/secure.gravatar.com\/avatar\/0c4621640b5c0734669aeb181ef77969b528487727344f28e734a206566ea0f1?s=96&d=mm&r=g","url":"https:\/\/secure.gravatar.com\/avatar\/0c4621640b5c0734669aeb181ef77969b528487727344f28e734a206566ea0f1?s=96&d=mm&r=g","height":96,"width":96}},"publisher":{"@type":"Organization","name":"cerpad.cz","logo":{"@type":"ImageObject","@id":"\/logo.png","url":"\/logo.png","width":600,"height":60}},"image":{"@type":"ImageObject","@id":"https:\/\/www.cerpad.cz\/wp-content\/uploads\/interior-2685521_640_10_6.jpg","url":"https:\/\/www.cerpad.cz\/wp-content\/uploads\/interior-2685521_640_10_6.jpg","height":0,"width":0},"wordCount":565,"keywords":null},{"@type":"Article","@id":"https:\/\/www.cerpad.cz\/nezapomenutelny-darek-pro-zenu\/","headline":"Nezapomenuteln\u00fd d\u00e1rek pro \u017eenu","url":"https:\/\/www.cerpad.cz\/nezapomenutelny-darek-pro-zenu\/","datePublished":"2025-10-15","dateModified":"2025-10-15","mainEntityOfPage":"https:\/\/www.cerpad.cz\/nezapomenutelny-darek-pro-zenu\/","author":{"@type":"Person","@id":"https:\/\/www.cerpad.cz\/author\/#Person","name":"","url":"https:\/\/www.cerpad.cz\/author\/","identifier":1,"image":{"@type":"ImageObject","@id":"https:\/\/secure.gravatar.com\/avatar\/0c4621640b5c0734669aeb181ef77969b528487727344f28e734a206566ea0f1?s=96&d=mm&r=g","url":"https:\/\/secure.gravatar.com\/avatar\/0c4621640b5c0734669aeb181ef77969b528487727344f28e734a206566ea0f1?s=96&d=mm&r=g","height":96,"width":96}},"publisher":{"@type":"Organization","name":"cerpad.cz","logo":{"@type":"ImageObject","@id":"\/logo.png","url":"\/logo.png","width":600,"height":60}},"image":{"@type":"ImageObject","@id":"https:\/\/www.cerpad.cz\/wp-content\/uploads\/romantic-dinner-3948089_640_1.jpg","url":"https:\/\/www.cerpad.cz\/wp-content\/uploads\/romantic-dinner-3948089_640_1.jpg","height":0,"width":0},"wordCount":560,"keywords":null},{"@type":"Article","@id":"https:\/\/www.cerpad.cz\/cim-vylepsit-bydleni-v-bungalovu\/","headline":"\u010c\u00edm vylep\u0161it bydlen\u00ed v bungalovu","url":"https:\/\/www.cerpad.cz\/cim-vylepsit-bydleni-v-bungalovu\/","datePublished":"2025-10-10","dateModified":"2025-10-10","mainEntityOfPage":"https:\/\/www.cerpad.cz\/cim-vylepsit-bydleni-v-bungalovu\/","author":{"@type":"Person","@id":"https:\/\/www.cerpad.cz\/author\/#Person","name":"","url":"https:\/\/www.cerpad.cz\/author\/","identifier":1,"image":{"@type":"ImageObject","@id":"https:\/\/secure.gravatar.com\/avatar\/0c4621640b5c0734669aeb181ef77969b528487727344f28e734a206566ea0f1?s=96&d=mm&r=g","url":"https:\/\/secure.gravatar.com\/avatar\/0c4621640b5c0734669aeb181ef77969b528487727344f28e734a206566ea0f1?s=96&d=mm&r=g","height":96,"width":96}},"publisher":{"@type":"Organization","name":"cerpad.cz","logo":{"@type":"ImageObject","@id":"\/logo.png","url":"\/logo.png","width":600,"height":60}},"image":{"@type":"ImageObject","@id":"https:\/\/www.cerpad.cz\/wp-content\/uploads\/ivy-3519431_640_4.jpg","url":"https:\/\/www.cerpad.cz\/wp-content\/uploads\/ivy-3519431_640_4.jpg","height":0,"width":0},"wordCount":584,"keywords":null},{"@type":"Article","@id":"https:\/\/www.cerpad.cz\/kdyz-nafukovaci-cluny-od-nasi-firmy\/","headline":"Kdy\u017e nafukovac\u00ed \u010dluny od na\u0161\u00ed firmy","url":"https:\/\/www.cerpad.cz\/kdyz-nafukovaci-cluny-od-nasi-firmy\/","datePublished":"2025-08-30","dateModified":"2025-08-30","mainEntityOfPage":"https:\/\/www.cerpad.cz\/kdyz-nafukovaci-cluny-od-nasi-firmy\/","author":{"@type":"Person","@id":"https:\/\/www.cerpad.cz\/author\/#Person","name":"","url":"https:\/\/www.cerpad.cz\/author\/","identifier":1,"image":{"@type":"ImageObject","@id":"https:\/\/secure.gravatar.com\/avatar\/0c4621640b5c0734669aeb181ef77969b528487727344f28e734a206566ea0f1?s=96&d=mm&r=g","url":"https:\/\/secure.gravatar.com\/avatar\/0c4621640b5c0734669aeb181ef77969b528487727344f28e734a206566ea0f1?s=96&d=mm&r=g","height":96,"width":96}},"publisher":{"@type":"Organization","name":"cerpad.cz","logo":{"@type":"ImageObject","@id":"\/logo.png","url":"\/logo.png","width":600,"height":60}},"image":null,"wordCount":279,"keywords":null},{"@type":"Article","@id":"https:\/\/www.cerpad.cz\/ridicem-snadno-a-rychle\/","headline":"\u0158idi\u010dem snadno a rychle","url":"https:\/\/www.cerpad.cz\/ridicem-snadno-a-rychle\/","datePublished":"2025-08-24","dateModified":"2025-08-24","mainEntityOfPage":"https:\/\/www.cerpad.cz\/ridicem-snadno-a-rychle\/","author":{"@type":"Person","@id":"https:\/\/www.cerpad.cz\/author\/#Person","name":"","url":"https:\/\/www.cerpad.cz\/author\/","identifier":1,"image":{"@type":"ImageObject","@id":"https:\/\/secure.gravatar.com\/avatar\/0c4621640b5c0734669aeb181ef77969b528487727344f28e734a206566ea0f1?s=96&d=mm&r=g","url":"https:\/\/secure.gravatar.com\/avatar\/0c4621640b5c0734669aeb181ef77969b528487727344f28e734a206566ea0f1?s=96&d=mm&r=g","height":96,"width":96}},"publisher":{"@type":"Organization","name":"cerpad.cz","logo":{"@type":"ImageObject","@id":"\/logo.png","url":"\/logo.png","width":600,"height":60}},"image":null,"wordCount":219,"keywords":null},{"@type":"Article","@id":"https:\/\/www.cerpad.cz\/eroticke-masaze-nabizi-prijemne-uvolneni\/","headline":"Erotick\u00e9 mas\u00e1\u017ee nab\u00edz\u00ed p\u0159\u00edjemn\u00e9 uvoln\u011bn\u00ed","url":"https:\/\/www.cerpad.cz\/eroticke-masaze-nabizi-prijemne-uvolneni\/","datePublished":"2025-08-18","dateModified":"2025-08-18","mainEntityOfPage":"https:\/\/www.cerpad.cz\/eroticke-masaze-nabizi-prijemne-uvolneni\/","author":{"@type":"Person","@id":"https:\/\/www.cerpad.cz\/author\/#Person","name":"","url":"https:\/\/www.cerpad.cz\/author\/","identifier":1,"image":{"@type":"ImageObject","@id":"https:\/\/secure.gravatar.com\/avatar\/0c4621640b5c0734669aeb181ef77969b528487727344f28e734a206566ea0f1?s=96&d=mm&r=g","url":"https:\/\/secure.gravatar.com\/avatar\/0c4621640b5c0734669aeb181ef77969b528487727344f28e734a206566ea0f1?s=96&d=mm&r=g","height":96,"width":96}},"publisher":{"@type":"Organization","name":"cerpad.cz","logo":{"@type":"ImageObject","@id":"\/logo.png","url":"\/logo.png","width":600,"height":60}},"image":null,"wordCount":322,"keywords":null},{"@type":"Article","@id":"https:\/\/www.cerpad.cz\/umela-inteligence-hraje-svou-roli\/","headline":"Um\u011bl\u00e1 inteligence hraje svou roli","url":"https:\/\/www.cerpad.cz\/umela-inteligence-hraje-svou-roli\/","datePublished":"2025-08-15","dateModified":"2025-08-15","mainEntityOfPage":"https:\/\/www.cerpad.cz\/umela-inteligence-hraje-svou-roli\/","author":{"@type":"Person","@id":"https:\/\/www.cerpad.cz\/author\/#Person","name":"","url":"https:\/\/www.cerpad.cz\/author\/","identifier":1,"image":{"@type":"ImageObject","@id":"https:\/\/secure.gravatar.com\/avatar\/0c4621640b5c0734669aeb181ef77969b528487727344f28e734a206566ea0f1?s=96&d=mm&r=g","url":"https:\/\/secure.gravatar.com\/avatar\/0c4621640b5c0734669aeb181ef77969b528487727344f28e734a206566ea0f1?s=96&d=mm&r=g","height":96,"width":96}},"publisher":{"@type":"Organization","name":"cerpad.cz","logo":{"@type":"ImageObject","@id":"\/logo.png","url":"\/logo.png","width":600,"height":60}},"image":{"@type":"ImageObject","@id":"https:\/\/www.cerpad.cz\/wp-content\/uploads\/ssssssss_9.png","url":"https:\/\/www.cerpad.cz\/wp-content\/uploads\/ssssssss_9.png","height":0,"width":0},"wordCount":648,"keywords":null},{"@type":"Article","@id":"https:\/\/www.cerpad.cz\/usetrite-a-to-u-vsech-druhu\/","headline":"U\u0161et\u0159\u00edte a to u v\u0161ech druh\u016f","url":"https:\/\/www.cerpad.cz\/usetrite-a-to-u-vsech-druhu\/","datePublished":"2025-08-09","dateModified":"2025-08-09","mainEntityOfPage":"https:\/\/www.cerpad.cz\/usetrite-a-to-u-vsech-druhu\/","author":{"@type":"Person","@id":"https:\/\/www.cerpad.cz\/author\/#Person","name":"","url":"https:\/\/www.cerpad.cz\/author\/","identifier":1,"image":{"@type":"ImageObject","@id":"https:\/\/secure.gravatar.com\/avatar\/0c4621640b5c0734669aeb181ef77969b528487727344f28e734a206566ea0f1?s=96&d=mm&r=g","url":"https:\/\/secure.gravatar.com\/avatar\/0c4621640b5c0734669aeb181ef77969b528487727344f28e734a206566ea0f1?s=96&d=mm&r=g","height":96,"width":96}},"publisher":{"@type":"Organization","name":"cerpad.cz","logo":{"@type":"ImageObject","@id":"\/logo.png","url":"\/logo.png","width":600,"height":60}},"image":null,"wordCount":218,"keywords":null},{"@type":"Article","@id":"https:\/\/www.cerpad.cz\/dovolena-v-tuzemsku\/","headline":"Dovolen\u00e1 v tuzemsku","url":"https:\/\/www.cerpad.cz\/dovolena-v-tuzemsku\/","datePublished":"2025-08-05","dateModified":"2025-08-05","mainEntityOfPage":"https:\/\/www.cerpad.cz\/dovolena-v-tuzemsku\/","author":{"@type":"Person","@id":"https:\/\/www.cerpad.cz\/author\/#Person","name":"","url":"https:\/\/www.cerpad.cz\/author\/","identifier":1,"image":{"@type":"ImageObject","@id":"https:\/\/secure.gravatar.com\/avatar\/0c4621640b5c0734669aeb181ef77969b528487727344f28e734a206566ea0f1?s=96&d=mm&r=g","url":"https:\/\/secure.gravatar.com\/avatar\/0c4621640b5c0734669aeb181ef77969b528487727344f28e734a206566ea0f1?s=96&d=mm&r=g","height":96,"width":96}},"publisher":{"@type":"Organization","name":"cerpad.cz","logo":{"@type":"ImageObject","@id":"\/logo.png","url":"\/logo.png","width":600,"height":60}},"image":null,"wordCount":242,"keywords":null},{"@type":"Article","@id":"https:\/\/www.cerpad.cz\/rozdeleni\/","headline":"Rozd\u011blen\u00ed","url":"https:\/\/www.cerpad.cz\/rozdeleni\/","datePublished":"2025-07-30","dateModified":"2025-07-30","mainEntityOfPage":"https:\/\/www.cerpad.cz\/rozdeleni\/","author":{"@type":"Person","@id":"https:\/\/www.cerpad.cz\/author\/#Person","name":"","url":"https:\/\/www.cerpad.cz\/author\/","identifier":1,"image":{"@type":"ImageObject","@id":"https:\/\/secure.gravatar.com\/avatar\/0c4621640b5c0734669aeb181ef77969b528487727344f28e734a206566ea0f1?s=96&d=mm&r=g","url":"https:\/\/secure.gravatar.com\/avatar\/0c4621640b5c0734669aeb181ef77969b528487727344f28e734a206566ea0f1?s=96&d=mm&r=g","height":96,"width":96}},"publisher":{"@type":"Organization","name":"cerpad.cz","logo":{"@type":"ImageObject","@id":"\/logo.png","url":"\/logo.png","width":600,"height":60}},"image":null,"wordCount":223,"keywords":null}]},{"@context":"https:\/\/schema.org","@type":"WebSite","@id":"https:\/\/www.cerpad.cz\/#website","name":"Cerpad","url":"https:\/\/www.cerpad.cz","potentialAction":{"@type":"SearchAction","target":"https:\/\/www.cerpad.cz\/?s={search_term_string}","query-input":"required name=search_term_string"}}]